{"id":439,"date":"2026-04-20T10:09:12","date_gmt":"2026-04-20T10:09:12","guid":{"rendered":"https:\/\/www.a4i.es\/?p=439"},"modified":"2026-04-20T12:59:06","modified_gmt":"2026-04-20T12:59:06","slug":"alquiler_equipo","status":"publish","type":"post","link":"https:\/\/www.a4i.es\/index.php\/2026\/04\/20\/alquiler_equipo\/","title":{"rendered":"\ud83d\udcca Alquiler de Equipo: Soluciones a medida"},"content":{"rendered":"\n<p>En la hosteler\u00eda, cada negocio tiene sus tiempos. Ya sea para una <strong>caseta de feria<\/strong>, un <strong>negocio de temporada<\/strong> o una <strong>nueva apertura<\/strong>, no siempre tiene sentido comprar todo el equipamiento de golpe.<\/p>\n\n\n\n<p>En <strong>A4i Inform\u00e1tica<\/strong>, te ofrecemos un sistema de alquiler flexible donde t\u00fa decides qu\u00e9 necesitas y nosotros nos encargamos de que todo funcione.<\/p>\n\n\n<div class=\"wp-block-image\">\n<figure class=\"aligncenter size-full is-resized\"><img loading=\"lazy\" decoding=\"async\" width=\"800\" height=\"800\" src=\"https:\/\/www.a4i.es\/wp-content\/uploads\/2026\/04\/image-1.png\" alt=\"\" class=\"wp-image-441\" style=\"width:342px;height:auto\" srcset=\"https:\/\/www.a4i.es\/wp-content\/uploads\/2026\/04\/image-1.png 800w, https:\/\/www.a4i.es\/wp-content\/uploads\/2026\/04\/image-1-300x300.png 300w, https:\/\/www.a4i.es\/wp-content\/uploads\/2026\/04\/image-1-150x150.png 150w, https:\/\/www.a4i.es\/wp-content\/uploads\/2026\/04\/image-1-768x768.png 768w\" sizes=\"auto, (max-width: 800px) 100vw, 800px\" \/><\/figure>\n<\/div>\n\n\n<h3 class=\"wp-block-heading\">Configura tu alquiler seg\u00fan tus necesidades<\/h3>\n\n\n\n<p>No te obligamos a paquetes cerrados. Puedes alquilar el equipo completo o solo los componentes que te falten:<\/p>\n\n\n\n<ul class=\"wp-block-list\">\n<li><strong>TPV T\u00e1ctil y Caj\u00f3n Portamonedas.<\/strong><\/li>\n\n\n\n<li><strong>PDA para camareros<\/strong> (ideal para agilizar terrazas y ferias).<\/li>\n\n\n\n<li><strong>Impresoras de tickets y cocina.<\/strong><\/li>\n\n\n\n<li><strong>Software de Gesti\u00f3n A4iTPV:<\/strong> Siempre actualizado a la normativa legal (<strong>Veri<em>factu<\/em><\/strong>).<\/li>\n<\/ul>\n\n\n<div class=\"wp-block-image\">\n<figure class=\"aligncenter size-full is-resized\"><img loading=\"lazy\" decoding=\"async\" width=\"1024\" height=\"576\" src=\"https:\/\/www.a4i.es\/wp-content\/uploads\/2026\/04\/verifactu-1.jpg\" alt=\"\" class=\"wp-image-454\" style=\"width:267px;height:auto\" srcset=\"https:\/\/www.a4i.es\/wp-content\/uploads\/2026\/04\/verifactu-1.jpg 1024w, https:\/\/www.a4i.es\/wp-content\/uploads\/2026\/04\/verifactu-1-300x169.jpg 300w, https:\/\/www.a4i.es\/wp-content\/uploads\/2026\/04\/verifactu-1-768x432.jpg 768w\" sizes=\"auto, (max-width: 1024px) 100vw, 1024px\" \/><\/figure>\n<\/div>\n\n\n<h3 class=\"wp-block-heading\">\u00bfPor qu\u00e9 elegir el alquiler de A4i?<\/h3>\n\n\n\n<ol start=\"1\" class=\"wp-block-list\">\n<li><strong>Mantenimiento Incluido:<\/strong> Es nuestra mayor garant\u00eda. Si algo falla, lo solucionamos. El servicio t\u00e9cnico y el soporte est\u00e1n integrados en tu cuota de alquiler para que nunca dejes de vender.<\/li>\n\n\n\n<li><strong>Instalaci\u00f3n de Wi-Fi y Conectividad:<\/strong> \u00bfTu local o caseta no tiene conexi\u00f3n? No te preocupes. Realizamos la instalaci\u00f3n de red Wi-Fi para que tus PDA, impresoras y TPV trabajen perfectamente sincronizados y puedas consultar tus ventas en tiempo real desde el m\u00f3vil.<\/li>\n\n\n\n<li><strong>Instalaci\u00f3n \u00abLlave en Mano\u00bb:<\/strong> No te enviamos una caja por correo. Nosotros vamos, instalamos  y dejamos el sistema listo para trabajar.<\/li>\n\n\n\n<li><strong>Sin Grandes Inversiones:<\/strong> Mant\u00e9n la liquidez de tu negocio. Paga una cuota mensual deducible y olv\u00eddate de desembolsos iniciales potentes.<\/li>\n<\/ol>\n\n\n\n<h3 class=\"wp-block-heading\">Ideal para:<\/h3>\n\n\n\n<ul class=\"wp-block-list\">\n<li><strong>Ferias y Eventos:<\/strong> Equipos robustos para trabajar bajo presi\u00f3n.<\/li>\n\n\n\n<li><strong>Establecimientos de Temporada:<\/strong> Alquila solo los meses que est\u00e1s abierto.<\/li>\n\n\n\n<li><strong>Emprendedores:<\/strong> Empieza tu negocio con tecnolog\u00eda profesional desde el primer d\u00eda sin descapitalizarte.<\/li>\n<\/ul>\n\n\n\n<p><\/p>\n\n\n\n<h2 class=\"wp-block-heading\">\ud83d\ude80 Tu socio tecnol\u00f3gico para eventos y temporadas<\/h2>\n\n\n\n<p>En <strong>A4i Inform\u00e1tica<\/strong>, no solo alquilamos m\u00e1quinas; montamos infraestructuras de venta que no fallan. Con Wi-Fi propio y mantenimiento asegurado, tu \u00fanica preocupaci\u00f3n ser\u00e1 atender a tus clientes.<\/p>\n\n\n\n<p><strong>\u00bfQu\u00e9 equipo necesitas para tu pr\u00f3ximo proyecto? Nosotros lo montamos.<\/strong><\/p>\n\n\n\n<div class=\"wp-block-buttons is-layout-flex wp-block-buttons-is-layout-flex\">\n<div class=\"wp-block-button\"><a class=\"wp-block-button__link wp-element-button\" href=\"https:\/\/wa.me\/34621186890?text=Hola%20A4i%20Inform\u00e1tica,%20necesito%20presupuesto%20para%20alquiler%20de%20equipos%20e%20instalaci\u00f3n%20de%20Wi-Fi.\">Solicitar Presupuesto de Alquiler<\/a><\/div>\n<\/div>\n\n\n\n<figure class=\"wp-block-image size-full is-resized\"><a href=\"https:\/\/www.instagram.com\/a4i.informatica\/\"><img loading=\"lazy\" decoding=\"async\" width=\"225\" height=\"225\" src=\"https:\/\/www.a4i.es\/wp-content\/uploads\/2026\/03\/images.png\" alt=\"\" class=\"wp-image-379\" style=\"width:101px;height:auto\" srcset=\"https:\/\/www.a4i.es\/wp-content\/uploads\/2026\/03\/images.png 225w, https:\/\/www.a4i.es\/wp-content\/uploads\/2026\/03\/images-150x150.png 150w\" sizes=\"auto, (max-width: 225px) 100vw, 225px\" \/><\/a><\/figure>\n\n\n\n<figure class=\"wp-block-image size-full is-resized\"><a href=\"https:\/\/whatsapp.com\/channel\/0029VbBwA5i7YSd4VjJnVs3C\"><img loading=\"lazy\" decoding=\"async\" width=\"225\" height=\"225\" src=\"https:\/\/www.a4i.es\/wp-content\/uploads\/2026\/04\/images-1.png\" alt=\"\" class=\"wp-image-464\" style=\"width:69px;height:auto\" srcset=\"https:\/\/www.a4i.es\/wp-content\/uploads\/2026\/04\/images-1.png 225w, https:\/\/www.a4i.es\/wp-content\/uploads\/2026\/04\/images-1-150x150.png 150w\" sizes=\"auto, (max-width: 225px) 100vw, 225px\" \/><\/a><\/figure>\n","protected":false},"excerpt":{"rendered":"<p>En la hosteler\u00eda, cada negocio tiene sus tiempos. Ya sea para una caseta de feria, un negocio de temporada o una nueva apertura, no siempre tiene sentido comprar todo el equipamiento de golpe. En A4i Inform\u00e1tica, te ofrecemos un sistema de alquiler flexible donde t\u00fa decides qu\u00e9 necesitas y nosotros nos encargamos de que todo&hellip; <br \/> <a class=\"button small blue\" href=\"https:\/\/www.a4i.es\/index.php\/2026\/04\/20\/alquiler_equipo\/\">Leer m\u00e1s<\/a><\/p>\n","protected":false},"author":1,"featured_media":0,"comment_status":"open","ping_status":"open","sticky":false,"template":"","format":"standard","meta":{"footnotes":""},"categories":[1],"tags":[],"class_list":["post-439","post","type-post","status-publish","format-standard","hentry","category-sin-categoria"],"_links":{"self":[{"href":"https:\/\/www.a4i.es\/index.php\/wp-json\/wp\/v2\/posts\/439","targetHints":{"allow":["GET"]}}],"collection":[{"href":"https:\/\/www.a4i.es\/index.php\/wp-json\/wp\/v2\/posts"}],"about":[{"href":"https:\/\/www.a4i.es\/index.php\/wp-json\/wp\/v2\/types\/post"}],"author":[{"embeddable":true,"href":"https:\/\/www.a4i.es\/index.php\/wp-json\/wp\/v2\/users\/1"}],"replies":[{"embeddable":true,"href":"https:\/\/www.a4i.es\/index.php\/wp-json\/wp\/v2\/comments?post=439"}],"version-history":[{"count":8,"href":"https:\/\/www.a4i.es\/index.php\/wp-json\/wp\/v2\/posts\/439\/revisions"}],"predecessor-version":[{"id":477,"href":"https:\/\/www.a4i.es\/index.php\/wp-json\/wp\/v2\/posts\/439\/revisions\/477"}],"wp:attachment":[{"href":"https:\/\/www.a4i.es\/index.php\/wp-json\/wp\/v2\/media?parent=439"}],"wp:term":[{"taxonomy":"category","embeddable":true,"href":"https:\/\/www.a4i.es\/index.php\/wp-json\/wp\/v2\/categories?post=439"},{"taxonomy":"post_tag","embeddable":true,"href":"https:\/\/www.a4i.es\/index.php\/wp-json\/wp\/v2\/tags?post=439"}],"curies":[{"name":"wp","href":"https:\/\/api.w.org\/{rel}","templated":true}]}}